{"id":31,"date":"2026-04-09T23:15:59","date_gmt":"2026-04-09T21:15:59","guid":{"rendered":"http:\/\/localhost:8080\/?p=31"},"modified":"2026-04-09T23:15:59","modified_gmt":"2026-04-09T21:15:59","slug":"une-cagnotte-pour-un-centre-de-reeducation-qui-change-des-vies","status":"publish","type":"post","link":"https:\/\/seneasso.org\/?p=31","title":{"rendered":"Une Cagnotte pour un Centre de R\u00e9\u00e9ducation qui Change des Vies"},"content":{"rendered":"\n<p>Parfois, une action simple peut avoir un impact immense. En lan\u00e7ant r\u00e9cemment une&nbsp;<strong>cagnotte d\u2019urgence pour un Centre de R\u00e9\u00e9ducation, de Formation et d\u2019Appareillage<\/strong>, SENE ASSO a tendu la main \u00e0 une structure essentielle qui manque cruellement de moyens pour fonctionner dans des conditions dignes.<\/p>\n\n\n\n<p>Le centre en question accueille des personnes en situation de handicap, souvent issues de milieux d\u00e9favoris\u00e9s, qui viennent y chercher non seulement un traitement, mais aussi un espoir. Faute de ressources, ce lieu vital pour tant de familles peine \u00e0 assurer ses activit\u00e9s quotidiennes : manque de mat\u00e9riel, locaux d\u00e9labr\u00e9s, personnel r\u00e9duit, absence de soutien logistique.<\/p>\n\n\n\n<p>En quelques jours, la campagne de collecte a mobilis\u00e9 la communaut\u00e9. Sur Facebook et WhatsApp, les b\u00e9n\u00e9voles, influenceurs partenaires et sympathisants de SENE ASSO ont partag\u00e9 l\u2019appel \u00e0 contribution,&nbsp;<strong>cr\u00e9ant un v\u00e9ritable \u00e9lan de solidarit\u00e9 num\u00e9rique<\/strong>.<\/p>\n\n\n\n<p>Au-del\u00e0 de l\u2019objectif financier, cette cagnotte a permis de&nbsp;<strong>mettre en lumi\u00e8re un enjeu souvent ignor\u00e9 : l\u2019accessibilit\u00e9 des soins et de la r\u00e9\u00e9ducation pour tous, en particulier dans les zones rurales.<\/strong><\/p>\n\n\n\n<p>L\u2019objectif est clair : collecter des fonds pour r\u00e9nover les locaux, acqu\u00e9rir du mat\u00e9riel adapt\u00e9 et former davantage de personnel. En parall\u00e8le, SENE ASSO pr\u00e9voit \u00e9galement d\u2019envoyer une cargaison de lits m\u00e9dicaux, matelas et \u00e9quipements d\u00e9j\u00e0 stock\u00e9s en France, en attente d\u2019acheminement.<\/p>\n\n\n\n<p>Avec cette initiative, l\u2019association rappelle que&nbsp;<strong>chaque don est une main tendue vers une personne en qu\u00eate de dignit\u00e9 et d\u2019autonomie<\/strong>.<\/p>\n","protected":false},"excerpt":{"rendered":"<p>Parfois, une action simple peut avoir un impact immense. En lan\u00e7ant r\u00e9cemment une&nbsp;cagnotte d\u2019urgence pour un Centre de R\u00e9\u00e9ducation, de Formation et d\u2019Appareillage, SENE ASSO a tendu la main \u00e0 une structure essentielle qui manque cruellement de moyens pour fonctionner dans des conditions dignes. Le centre en question accueille des personnes en situation de handicap, [&hellip;]<\/p>\n","protected":false},"author":1,"featured_media":0,"comment_status":"closed","ping_status":"closed","sticky":false,"template":"","format":"standard","meta":{"footnotes":""},"categories":[1],"tags":[],"class_list":["post-31","post","type-post","status-publish","format-standard","hentry","category-non-classe"],"_links":{"self":[{"href":"https:\/\/seneasso.org\/index.php?rest_route=\/wp\/v2\/posts\/31","targetHints":{"allow":["GET"]}}],"collection":[{"href":"https:\/\/seneasso.org\/index.php?rest_route=\/wp\/v2\/posts"}],"about":[{"href":"https:\/\/seneasso.org\/index.php?rest_route=\/wp\/v2\/types\/post"}],"author":[{"embeddable":true,"href":"https:\/\/seneasso.org\/index.php?rest_route=\/wp\/v2\/users\/1"}],"replies":[{"embeddable":true,"href":"https:\/\/seneasso.org\/index.php?rest_route=%2Fwp%2Fv2%2Fcomments&post=31"}],"version-history":[{"count":1,"href":"https:\/\/seneasso.org\/index.php?rest_route=\/wp\/v2\/posts\/31\/revisions"}],"predecessor-version":[{"id":32,"href":"https:\/\/seneasso.org\/index.php?rest_route=\/wp\/v2\/posts\/31\/revisions\/32"}],"wp:attachment":[{"href":"https:\/\/seneasso.org\/index.php?rest_route=%2Fwp%2Fv2%2Fmedia&parent=31"}],"wp:term":[{"taxonomy":"category","embeddable":true,"href":"https:\/\/seneasso.org\/index.php?rest_route=%2Fwp%2Fv2%2Fcategories&post=31"},{"taxonomy":"post_tag","embeddable":true,"href":"https:\/\/seneasso.org\/index.php?rest_route=%2Fwp%2Fv2%2Ftags&post=31"}],"curies":[{"name":"wp","href":"https:\/\/api.w.org\/{rel}","templated":true}]}}